{"id":857,"date":"2016-09-14T16:14:25","date_gmt":"2016-09-14T16:14:25","guid":{"rendered":"http:\/\/app.asstur.com.br\/?p=857"},"modified":"2026-01-14T22:43:30","modified_gmt":"2026-01-14T22:43:30","slug":"vedois-e-senai-workshop-em-14-09-16","status":"publish","type":"post","link":"https:\/\/vedois.com.br\/site\/vedois-e-senai-workshop-em-14-09-16\/","title":{"rendered":"Vedois e Senai &#8211; Workshop em 14\/09\/16"},"content":{"rendered":"<p>O tempo para saltar para a frente \u00e9 agora<\/p>\n<p>Publicado no Jornal Di\u00e1rio de Santa B\u00e1rbara, em 01 de julho de 2016 &#8211; pag.02<br \/>\nAcesse tamb\u00e9m: https:\/\/rumoaindustria40.wordpress.com<\/p>\n<p>A Escola SENAI &#8220;\u00c1lvares Romi&#8221;, em Santa B\u00e1rbara d&#8217;Oeste \u2013 SP, realizar\u00e1 no dia 14\/09\/2016, a partir das 09h00, o Workshop &#8220;Rumo \u00e0 Ind\u00fastria 4.0 \u2013 O Desafio da Efici\u00eancia&#8221;. O objetivo do evento ser\u00e1 mostrar uma maneira por onde come\u00e7ar a constru\u00e7\u00e3o da Ind\u00fastria 4.0, em que o ganho de efici\u00eancia ser\u00e1 obtido por meio de um caminho incremental e n\u00e3o disruptivo, com a aplica\u00e7\u00e3o dos fundamentos da gest\u00e3o da manufatura, apoiados por tecnologias como o <a href=\"https:\/\/vedois.com.br\/site\/sistema-mes\">Sistema MES (Manufacturing Execution System)<\/a>.<\/p>\n<p>Na atualidade, muitos fatores s\u00e3o prejudiciais ao ambiente de neg\u00f3cios e afetam a competitividade da ind\u00fastria brasileira que, mais do que nunca, precisa repensar as t\u00e1ticas de gest\u00e3o dos seus processos de manufaturas, muitos deles herdados das culturas formadas ao longo da exist\u00eancia da industrializa\u00e7\u00e3o que a hist\u00f3ria moderna registra.<\/p>\n<p>A era do conhecimento, caracter\u00edstica da 4\u00aa Revolu\u00e7\u00e3o Industrial, disponibiliza tecnologias como o sistema ciberf\u00edsico, que possibilita \u00e0s empresas eliminarem o \u201cponto cego\u201d ou lacuna estrat\u00e9gica que isola a manufatura dos demais compartimentos da empresa.<\/p>\n<p>Neste evento, ser\u00e1 apresentada como pode ser feita a conectividade entre manufatura e os demais departamentos da empresa, preparando a integra\u00e7\u00e3o com o sistema ERP, atrav\u00e9s do sistema ciberf\u00edsico, isto na pr\u00e1tica.<\/p>\n<p>A coleta de dados do ch\u00e3o de f\u00e1brica como ferramenta para medir e gerenciar ser\u00e1 demonstrada na apresenta\u00e7\u00e3o, em cuja f\u00e1brica montada no ambiente ser\u00e1 apresentado o caminho para uma efici\u00eancia da manufatura, em que o \u00edndice de efici\u00eancia global OEE (Overall Equipment Effectiveness) \u00e9 de, no <strong>m\u00ednimo, 85%<\/strong>. Este indicador atingido eleva a condi\u00e7\u00e3o da empresa \u00e0 categoria de empresa classe mundial.<\/p>\n<p>Como alcan\u00e7ar a velocidade e reduzir o tempo de resposta da manufatura, como estrat\u00e9gia ganhadora de pedidos, ser\u00e1 outro tema do evento com a demonstra\u00e7\u00e3o de que a flexibilidade extrema eleva a produtividade e habilita a empresa a produzir em pequenos lotes, isto \u00e9, trazendo \u00e0 luz a pr\u00e1tica da customiza\u00e7\u00e3o em massa que a Ind\u00fastria 4.0 busca como meio estrat\u00e9gico para uma base de alta competitividade. Aprender a fabricar pequenos lotes em alta velocidade \u00e9 tamb\u00e9m o que preconiza a <a href=\"https:\/\/vedois.com.br\/site\/aumento-da-produtividade-na-industria-4-0-atraves-de-dados-precisos\/?doing_wp_cron=1651675234.7239708900451660156250\">Ind\u00fastria 4.0<\/a>.<\/p>\n<p>Quanto ao controle da qualidade, esta passa a ser atribui\u00e7\u00e3o <strong>aut\u00f4noma das m\u00e1quinas CNC<\/strong>, que passar\u00e3o a fazer medi\u00e7\u00e3o autom\u00e1tica em processo e eliminar\u00e3o na fonte eventuais e tradicionais erros humanos de medi\u00e7\u00f5es.<\/p>\n<p>Este Workshop preparar\u00e1 a estrada para um sistema autogerenci\u00e1vel da manufatura com a intelig\u00eancia que preconiza a constru\u00e7\u00e3o da Ind\u00fastria 4.0 e banir do dicion\u00e1rio das empresas o atraso de entrega.<\/p>\n<p>Diante desse novo cen\u00e1rio, um novo perfil de profissional \u00e9 demandado, o \u201cProfissional 4.0\u201d, que precisar\u00e1 ter uma forma\u00e7\u00e3o multidisciplinar, e o SENAI poder\u00e1 contribuir com a sua forma\u00e7\u00e3o profissional com uma engenharia pedag\u00f3gica do aprender fazendo que v\u00e1 apoiar as ind\u00fastrias na implanta\u00e7\u00e3o dos seus projetos rumo \u00e0 Ind\u00fastria 4.0.<\/p>\n<p>Em primeiro lugar, alavancar as tecnologias para criar produtos e servi\u00e7os premium que se encaixam com o desejo de se tornar uma economia orientada \u00e0 inova\u00e7\u00e3o e as infinitas possibilidades oferecidas pelos avan\u00e7os na tecnologia da informa\u00e7\u00e3o e comunica\u00e7\u00e3o permitiu a exist\u00eancia da Ind\u00fastria 4.0 com sucesso, ao mesmo tempo em que o mundo em meio a uma transi\u00e7\u00e3o hist\u00f3rica, impulsionado pela tecnologia, exige a necessidade de um repensar.<\/p>\n<p>Portanto, adotar medidas decisivas no sentido de construir os avan\u00e7os requeridos pela ind\u00fastria brasileira, como parte de uma iniciativa para incorporar tecnologias inteligentes, passa pela amplia\u00e7\u00e3o da infraestrutura da informa\u00e7\u00e3o e comunica\u00e7\u00e3o para garantir a seguran\u00e7a e confiabilidade suficientes para apoiar as centenas de bilh\u00f5es de dispositivos industriais que se conectam \u00e0 Internet industrial global das coisas.<\/p>\n<p>As empresas, por sua vez, precisam compreender profundamente a <strong><a href=\"http:\/\/vedois.com.br\">Ind\u00fastria 4.0<\/a><\/strong>, as suas implica\u00e7\u00f5es para os seus neg\u00f3cios, e se prepararem para adotar e alavancar as tecnologias a seu favor. Para ter um impacto significativo, as empresas t\u00eam de desenvolver novas aplica\u00e7\u00f5es que s\u00e3o relevantes para os seus clientes e rent\u00e1vel para trazer ao mercado, bem como investir para construir os recursos necess\u00e1rios a longo prazo para aplicar estas tecnologias em seus neg\u00f3cios.<\/p>\n<p>Os trabalhadores devem adquirir as habilidades para o exerc\u00edcio de fun\u00e7\u00f5es novas, de cria\u00e7\u00e3o de valor. Com isto, o sistema de educa\u00e7\u00e3o nacional tamb\u00e9m ter\u00e1 que moldar as percep\u00e7\u00f5es sobre as carreiras promissoras na fabrica\u00e7\u00e3o e come\u00e7ar a planejar agora a for\u00e7a de trabalho para o futuro.<\/p>\n<p>A Ind\u00fastria 4.0, processa as suas manufaturas usando a fabrica\u00e7\u00e3o cont\u00ednua, que recolhe e analisa os dados, e faz corre\u00e7\u00f5es ao longo do ciclo de produ\u00e7\u00e3o, permitindo que os produtos a serem produzidos de forma mais barata e com menos impacto sobre o meio ambiente se apoie nas tecnologias: rob\u00f4s aut\u00f4nomos, big data, realidade aumentada, manufatura aditiva, a Internet das coisas, a integra\u00e7\u00e3o do sistema horizontal e vertical, a simula\u00e7\u00e3o, a nuvem e seguran\u00e7a cibern\u00e9tica.<\/p>\n<p>A manufatura aditiva, na ind\u00fastria 4.0, \u00e9 usada para produzir pequenos lotes de produtos personalizados com maior facilidade com impress\u00e3o 3D. Ela tem como alvo os setores aeroespacial, m\u00e9dicos, odontol\u00f3gicos entre outros com a sua capacidade de criar prot\u00f3tipos de produtos e servi\u00e7os de engenharia 3D. O que a ind\u00fastria 4.0 faz \u00e9 pegar estes desenvolvimentos, ligando v\u00e1rios dispositivos e m\u00e1quinas em cada etapa do processo, desde a mat\u00e9ria-prima at\u00e9 ao usu\u00e1rio final. Isto permite um n\u00edvel sem precedentes de integra\u00e7\u00e3o entre sistemas de informa\u00e7\u00e3o, de comunica\u00e7\u00e3o e de fabrica\u00e7\u00e3o.<\/p>\n<p>As tecnologias e ferramentas permitem \u00e0 Ind\u00fastria 4.0 se tornar mais sofisticada, permitindo ajustar automaticamente as suas a\u00e7\u00f5es para que possam simular a fabrica\u00e7\u00e3o de pe\u00e7as com um tempo de processamento reduzido em 80%.Neste novo modelo ser\u00e1 poss\u00edvel conduzir a competitividade da ind\u00fastria nacional que a torne cobi\u00e7ada aos investidores, mas tamb\u00e9m tr\u00e1s \u00e0 baila o agravamento da crise da for\u00e7a de trabalho proporcionada pelo advento da automa\u00e7\u00e3o que reduz a necessidade de trabalhadores pouco qualificados fazendo tarefas de rotina. Em paralelo, novos postos de trabalho mais qualificados na programa\u00e7\u00e3o das m\u00e1quinas, an\u00e1lise de dados e manuten\u00e7\u00e3o das redes de informa\u00e7\u00e3o e comunica\u00e7\u00e3o ser\u00e3o criados, refor\u00e7ando as iniciativas para dirigir a educa\u00e7\u00e3o e a aprendizagem ao longo da vida.<\/p>\n<p>Para as pequenas e m\u00e9dias empresas as tecnologias adotadas e funcionando nos termos da Ind\u00fastria 4.0, aumentam a sua produtividade, reduz os seus custos e ampliam a sua flexibilidade operacional.<\/p>\n<p>Esta \u00e9 a Ind\u00fastria 4.0, onde a computa\u00e7\u00e3o integrada \u00e0s redes de informa\u00e7\u00f5es e comunica\u00e7\u00f5es e aos processos f\u00edsicos est\u00e3o revolucionando a fabrica\u00e7\u00e3o.<\/p>\n<p>Esta Quarta Revolu\u00e7\u00e3o Industrial estampa muitas discuss\u00f5es, tanto pelas amea\u00e7as como pelas oportunidades que apresenta, por isso, o tempo para saltar para a frente \u00e9 agora.<\/p>\n<p>Eng. Jo\u00e3o Ulysses Laudissi &#8211; Diretor da Escola SENAI &#8220;Alvares Romi&#8221;, em Santa B\u00e1rbara d&#8217;Oeste\/SP; Diretor da Escola SENAI &#8220;Celso Charuri&#8221; &#8211; Unidade Rafard\/SP; Presidente da Associa\u00e7\u00e3o Regional de Engenheiros, Arquitetos, Agr\u00f4nomos, Tecn\u00f3logos e T\u00e9cnicos da Ind\u00fastria (AREATI) &#8211; Regi\u00e3o de Americana, Hortol\u00e2ndia, Nova Odessa, Santa B\u00e1rbara d&#8217; Oeste e Sumar\u00e9\/SP.<\/p>\n","protected":false},"excerpt":{"rendered":"<p>O tempo para saltar para a frente \u00e9 agora Publicado no Jornal Di\u00e1rio de Santa B\u00e1rbara, em 01 de julho de 2016 &#8211; pag.02 Acesse tamb\u00e9m: https:\/\/rumoaindustria40.wordpress.com A Escola SENAI &#8220;\u00c1lvares Romi&#8221;, em Santa B\u00e1rbara d&#8217;Oeste \u2013 SP, realizar\u00e1 no dia 14\/09\/2016, a partir das 09h00, o Workshop &#8220;Rumo \u00e0 Ind\u00fastria 4.0 \u2013 O Desafio &hellip;<\/p>\n<p class=\"read-more\"> <a class=\"\" href=\"https:\/\/vedois.com.br\/site\/vedois-e-senai-workshop-em-14-09-16\/\"> <span class=\"screen-reader-text\">Vedois e Senai &#8211; Workshop em 14\/09\/16<\/span> Leia mais &raquo;<\/a><\/p>\n","protected":false},"author":1,"featured_media":858,"comment_status":"open","ping_status":"open","sticky":false,"template":"","format":"standard","meta":{"_mi_skip_tracking":false,"site-sidebar-layout":"default","site-content-layout":"default","ast-global-header-display":"","ast-main-header-display":"","ast-hfb-above-header-display":"","ast-hfb-below-header-display":"","ast-hfb-mobile-header-display":"","site-post-title":"","ast-breadcrumbs-content":"","ast-featured-img":"","footer-sml-layout":"","theme-transparent-header-meta":"","adv-header-id-meta":"","stick-header-meta":"","header-above-stick-meta":"","header-main-stick-meta":"","header-below-stick-meta":"","footnotes":""},"categories":[4,3],"tags":[],"class_list":["post-857","post","type-post","status-publish","format-standard","has-post-thumbnail","hentry","category-produtividade","category-sem-categoria"],"yoast_head":"<!-- This site is optimized with the Yoast SEO plugin v19.9 - https:\/\/yoast.com\/wordpress\/plugins\/seo\/ -->\n<title>Vedois e Senai - Workshop em 14\/09\/16 - Vedois Tecnologia - Sistema MES para ind\u00fastria<\/title>\n<meta name=\"robots\" content=\"index, follow, max-snippet:-1, max-image-preview:large, max-video-preview:-1\" \/>\n<link rel=\"canonical\" href=\"https:\/\/vedois.com.br\/site\/vedois-e-senai-workshop-em-14-09-16\/\" \/>\n<meta property=\"og:locale\" content=\"pt_BR\" \/>\n<meta property=\"og:type\" content=\"article\" \/>\n<meta property=\"og:title\" content=\"Vedois e Senai - Workshop em 14\/09\/16 - Vedois Tecnologia - Sistema MES para ind\u00fastria\" \/>\n<meta property=\"og:description\" content=\"O tempo para saltar para a frente \u00e9 agora Publicado no Jornal Di\u00e1rio de Santa B\u00e1rbara, em 01 de julho de 2016 &#8211; pag.02 Acesse tamb\u00e9m: https:\/\/rumoaindustria40.wordpress.com A Escola SENAI &#8220;\u00c1lvares Romi&#8221;, em Santa B\u00e1rbara d&#8217;Oeste \u2013 SP, realizar\u00e1 no dia 14\/09\/2016, a partir das 09h00, o Workshop &#8220;Rumo \u00e0 Ind\u00fastria 4.0 \u2013 O Desafio &hellip; Vedois e Senai &#8211; Workshop em 14\/09\/16 Leia mais &raquo;\" \/>\n<meta property=\"og:url\" content=\"https:\/\/vedois.com.br\/site\/vedois-e-senai-workshop-em-14-09-16\/\" \/>\n<meta property=\"og:site_name\" content=\"Vedois Tecnologia - Sistema MES para ind\u00fastria\" \/>\n<meta property=\"article:published_time\" content=\"2016-09-14T16:14:25+00:00\" \/>\n<meta property=\"article:modified_time\" content=\"2026-01-14T22:43:30+00:00\" \/>\n<meta property=\"og:image\" content=\"https:\/\/vedois.com.br\/site\/wp-content\/uploads\/2018\/03\/Ind\u00fastria-4.0.png\" \/>\n\t<meta property=\"og:image:width\" content=\"564\" \/>\n\t<meta property=\"og:image:height\" content=\"376\" \/>\n\t<meta property=\"og:image:type\" content=\"image\/png\" \/>\n<meta name=\"author\" content=\"vedois\" \/>\n<meta name=\"twitter:card\" content=\"summary_large_image\" \/>\n<meta name=\"twitter:label1\" content=\"Escrito por\" \/>\n\t<meta name=\"twitter:data1\" content=\"vedois\" \/>\n\t<meta name=\"twitter:label2\" content=\"Est. tempo de leitura\" \/>\n\t<meta name=\"twitter:data2\" content=\"7 minutos\" \/>\n<script type=\"application\/ld+json\" class=\"yoast-schema-graph\">{\"@context\":\"https:\/\/schema.org\",\"@graph\":[{\"@type\":\"Article\",\"@id\":\"https:\/\/vedois.com.br\/site\/vedois-e-senai-workshop-em-14-09-16\/#article\",\"isPartOf\":{\"@id\":\"https:\/\/vedois.com.br\/site\/vedois-e-senai-workshop-em-14-09-16\/\"},\"author\":{\"name\":\"vedois\",\"@id\":\"https:\/\/vedois.com.br\/site\/#\/schema\/person\/33153f3b7ea29fd209160a7a92863525\"},\"headline\":\"Vedois e Senai &#8211; Workshop em 14\/09\/16\",\"datePublished\":\"2016-09-14T16:14:25+00:00\",\"dateModified\":\"2026-01-14T22:43:30+00:00\",\"mainEntityOfPage\":{\"@id\":\"https:\/\/vedois.com.br\/site\/vedois-e-senai-workshop-em-14-09-16\/\"},\"wordCount\":1291,\"commentCount\":0,\"publisher\":{\"@id\":\"https:\/\/vedois.com.br\/site\/#organization\"},\"articleSection\":[\"Produtividade\"],\"inLanguage\":\"pt-BR\",\"potentialAction\":[{\"@type\":\"CommentAction\",\"name\":\"Comment\",\"target\":[\"https:\/\/vedois.com.br\/site\/vedois-e-senai-workshop-em-14-09-16\/#respond\"]}]},{\"@type\":\"WebPage\",\"@id\":\"https:\/\/vedois.com.br\/site\/vedois-e-senai-workshop-em-14-09-16\/\",\"url\":\"https:\/\/vedois.com.br\/site\/vedois-e-senai-workshop-em-14-09-16\/\",\"name\":\"Vedois e Senai - Workshop em 14\/09\/16 - Vedois Tecnologia - Sistema MES para ind\u00fastria\",\"isPartOf\":{\"@id\":\"https:\/\/vedois.com.br\/site\/#website\"},\"datePublished\":\"2016-09-14T16:14:25+00:00\",\"dateModified\":\"2026-01-14T22:43:30+00:00\",\"breadcrumb\":{\"@id\":\"https:\/\/vedois.com.br\/site\/vedois-e-senai-workshop-em-14-09-16\/#breadcrumb\"},\"inLanguage\":\"pt-BR\",\"potentialAction\":[{\"@type\":\"ReadAction\",\"target\":[\"https:\/\/vedois.com.br\/site\/vedois-e-senai-workshop-em-14-09-16\/\"]}]},{\"@type\":\"BreadcrumbList\",\"@id\":\"https:\/\/vedois.com.br\/site\/vedois-e-senai-workshop-em-14-09-16\/#breadcrumb\",\"itemListElement\":[{\"@type\":\"ListItem\",\"position\":1,\"name\":\"In\u00edcio\",\"item\":\"https:\/\/vedois.com.br\/site\/\"},{\"@type\":\"ListItem\",\"position\":2,\"name\":\"Vedois e Senai &#8211; Workshop em 14\/09\/16\"}]},{\"@type\":\"WebSite\",\"@id\":\"https:\/\/vedois.com.br\/site\/#website\",\"url\":\"https:\/\/vedois.com.br\/site\/\",\"name\":\"Vedois Tecnologia - Sistema MES para ind\u00fastria\",\"description\":\"Sua empresa mais competitiva.\",\"publisher\":{\"@id\":\"https:\/\/vedois.com.br\/site\/#organization\"},\"potentialAction\":[{\"@type\":\"SearchAction\",\"target\":{\"@type\":\"EntryPoint\",\"urlTemplate\":\"https:\/\/vedois.com.br\/site\/?s={search_term_string}\"},\"query-input\":\"required name=search_term_string\"}],\"inLanguage\":\"pt-BR\"},{\"@type\":\"Organization\",\"@id\":\"https:\/\/vedois.com.br\/site\/#organization\",\"name\":\"Vedois Tecnologia - Sistema MES para ind\u00fastria\",\"url\":\"https:\/\/vedois.com.br\/site\/\",\"logo\":{\"@type\":\"ImageObject\",\"inLanguage\":\"pt-BR\",\"@id\":\"https:\/\/vedois.com.br\/site\/#\/schema\/logo\/image\/\",\"url\":\"https:\/\/vedois.com.br\/site\/wp-content\/uploads\/2022\/10\/cropped-Camada-x0020-4-2.png\",\"contentUrl\":\"https:\/\/vedois.com.br\/site\/wp-content\/uploads\/2022\/10\/cropped-Camada-x0020-4-2.png\",\"width\":311,\"height\":103,\"caption\":\"Vedois Tecnologia - Sistema MES para ind\u00fastria\"},\"image\":{\"@id\":\"https:\/\/vedois.com.br\/site\/#\/schema\/logo\/image\/\"}},{\"@type\":\"Person\",\"@id\":\"https:\/\/vedois.com.br\/site\/#\/schema\/person\/33153f3b7ea29fd209160a7a92863525\",\"name\":\"vedois\",\"image\":{\"@type\":\"ImageObject\",\"inLanguage\":\"pt-BR\",\"@id\":\"https:\/\/vedois.com.br\/site\/#\/schema\/person\/image\/\",\"url\":\"https:\/\/secure.gravatar.com\/avatar\/5b830802f72222724f80ed405954832af43d2aa6622cfce8117f3c4550e90f87?s=96&d=blank&r=g\",\"contentUrl\":\"https:\/\/secure.gravatar.com\/avatar\/5b830802f72222724f80ed405954832af43d2aa6622cfce8117f3c4550e90f87?s=96&d=blank&r=g\",\"caption\":\"vedois\"},\"url\":\"https:\/\/vedois.com.br\/site\/author\/vedois\/\"}]}<\/script>\n<!-- \/ Yoast SEO plugin. -->","yoast_head_json":{"title":"Vedois e Senai - Workshop em 14\/09\/16 - Vedois Tecnologia - Sistema MES para ind\u00fastria","robots":{"index":"index","follow":"follow","max-snippet":"max-snippet:-1","max-image-preview":"max-image-preview:large","max-video-preview":"max-video-preview:-1"},"canonical":"https:\/\/vedois.com.br\/site\/vedois-e-senai-workshop-em-14-09-16\/","og_locale":"pt_BR","og_type":"article","og_title":"Vedois e Senai - Workshop em 14\/09\/16 - Vedois Tecnologia - Sistema MES para ind\u00fastria","og_description":"O tempo para saltar para a frente \u00e9 agora Publicado no Jornal Di\u00e1rio de Santa B\u00e1rbara, em 01 de julho de 2016 &#8211; pag.02 Acesse tamb\u00e9m: https:\/\/rumoaindustria40.wordpress.com A Escola SENAI &#8220;\u00c1lvares Romi&#8221;, em Santa B\u00e1rbara d&#8217;Oeste \u2013 SP, realizar\u00e1 no dia 14\/09\/2016, a partir das 09h00, o Workshop &#8220;Rumo \u00e0 Ind\u00fastria 4.0 \u2013 O Desafio &hellip; Vedois e Senai &#8211; Workshop em 14\/09\/16 Leia mais &raquo;","og_url":"https:\/\/vedois.com.br\/site\/vedois-e-senai-workshop-em-14-09-16\/","og_site_name":"Vedois Tecnologia - Sistema MES para ind\u00fastria","article_published_time":"2016-09-14T16:14:25+00:00","article_modified_time":"2026-01-14T22:43:30+00:00","og_image":[{"width":564,"height":376,"url":"https:\/\/vedois.com.br\/site\/wp-content\/uploads\/2018\/03\/Ind\u00fastria-4.0.png","type":"image\/png"}],"author":"vedois","twitter_card":"summary_large_image","twitter_misc":{"Escrito por":"vedois","Est. tempo de leitura":"7 minutos"},"schema":{"@context":"https:\/\/schema.org","@graph":[{"@type":"Article","@id":"https:\/\/vedois.com.br\/site\/vedois-e-senai-workshop-em-14-09-16\/#article","isPartOf":{"@id":"https:\/\/vedois.com.br\/site\/vedois-e-senai-workshop-em-14-09-16\/"},"author":{"name":"vedois","@id":"https:\/\/vedois.com.br\/site\/#\/schema\/person\/33153f3b7ea29fd209160a7a92863525"},"headline":"Vedois e Senai &#8211; Workshop em 14\/09\/16","datePublished":"2016-09-14T16:14:25+00:00","dateModified":"2026-01-14T22:43:30+00:00","mainEntityOfPage":{"@id":"https:\/\/vedois.com.br\/site\/vedois-e-senai-workshop-em-14-09-16\/"},"wordCount":1291,"commentCount":0,"publisher":{"@id":"https:\/\/vedois.com.br\/site\/#organization"},"articleSection":["Produtividade"],"inLanguage":"pt-BR","potentialAction":[{"@type":"CommentAction","name":"Comment","target":["https:\/\/vedois.com.br\/site\/vedois-e-senai-workshop-em-14-09-16\/#respond"]}]},{"@type":"WebPage","@id":"https:\/\/vedois.com.br\/site\/vedois-e-senai-workshop-em-14-09-16\/","url":"https:\/\/vedois.com.br\/site\/vedois-e-senai-workshop-em-14-09-16\/","name":"Vedois e Senai - Workshop em 14\/09\/16 - Vedois Tecnologia - Sistema MES para ind\u00fastria","isPartOf":{"@id":"https:\/\/vedois.com.br\/site\/#website"},"datePublished":"2016-09-14T16:14:25+00:00","dateModified":"2026-01-14T22:43:30+00:00","breadcrumb":{"@id":"https:\/\/vedois.com.br\/site\/vedois-e-senai-workshop-em-14-09-16\/#breadcrumb"},"inLanguage":"pt-BR","potentialAction":[{"@type":"ReadAction","target":["https:\/\/vedois.com.br\/site\/vedois-e-senai-workshop-em-14-09-16\/"]}]},{"@type":"BreadcrumbList","@id":"https:\/\/vedois.com.br\/site\/vedois-e-senai-workshop-em-14-09-16\/#breadcrumb","itemListElement":[{"@type":"ListItem","position":1,"name":"In\u00edcio","item":"https:\/\/vedois.com.br\/site\/"},{"@type":"ListItem","position":2,"name":"Vedois e Senai &#8211; Workshop em 14\/09\/16"}]},{"@type":"WebSite","@id":"https:\/\/vedois.com.br\/site\/#website","url":"https:\/\/vedois.com.br\/site\/","name":"Vedois Tecnologia - Sistema MES para ind\u00fastria","description":"Sua empresa mais competitiva.","publisher":{"@id":"https:\/\/vedois.com.br\/site\/#organization"},"potentialAction":[{"@type":"SearchAction","target":{"@type":"EntryPoint","urlTemplate":"https:\/\/vedois.com.br\/site\/?s={search_term_string}"},"query-input":"required name=search_term_string"}],"inLanguage":"pt-BR"},{"@type":"Organization","@id":"https:\/\/vedois.com.br\/site\/#organization","name":"Vedois Tecnologia - Sistema MES para ind\u00fastria","url":"https:\/\/vedois.com.br\/site\/","logo":{"@type":"ImageObject","inLanguage":"pt-BR","@id":"https:\/\/vedois.com.br\/site\/#\/schema\/logo\/image\/","url":"https:\/\/vedois.com.br\/site\/wp-content\/uploads\/2022\/10\/cropped-Camada-x0020-4-2.png","contentUrl":"https:\/\/vedois.com.br\/site\/wp-content\/uploads\/2022\/10\/cropped-Camada-x0020-4-2.png","width":311,"height":103,"caption":"Vedois Tecnologia - Sistema MES para ind\u00fastria"},"image":{"@id":"https:\/\/vedois.com.br\/site\/#\/schema\/logo\/image\/"}},{"@type":"Person","@id":"https:\/\/vedois.com.br\/site\/#\/schema\/person\/33153f3b7ea29fd209160a7a92863525","name":"vedois","image":{"@type":"ImageObject","inLanguage":"pt-BR","@id":"https:\/\/vedois.com.br\/site\/#\/schema\/person\/image\/","url":"https:\/\/secure.gravatar.com\/avatar\/5b830802f72222724f80ed405954832af43d2aa6622cfce8117f3c4550e90f87?s=96&d=blank&r=g","contentUrl":"https:\/\/secure.gravatar.com\/avatar\/5b830802f72222724f80ed405954832af43d2aa6622cfce8117f3c4550e90f87?s=96&d=blank&r=g","caption":"vedois"},"url":"https:\/\/vedois.com.br\/site\/author\/vedois\/"}]}},"_links":{"self":[{"href":"https:\/\/vedois.com.br\/site\/wp-json\/wp\/v2\/posts\/857","targetHints":{"allow":["GET"]}}],"collection":[{"href":"https:\/\/vedois.com.br\/site\/wp-json\/wp\/v2\/posts"}],"about":[{"href":"https:\/\/vedois.com.br\/site\/wp-json\/wp\/v2\/types\/post"}],"author":[{"embeddable":true,"href":"https:\/\/vedois.com.br\/site\/wp-json\/wp\/v2\/users\/1"}],"replies":[{"embeddable":true,"href":"https:\/\/vedois.com.br\/site\/wp-json\/wp\/v2\/comments?post=857"}],"version-history":[{"count":1,"href":"https:\/\/vedois.com.br\/site\/wp-json\/wp\/v2\/posts\/857\/revisions"}],"predecessor-version":[{"id":9234,"href":"https:\/\/vedois.com.br\/site\/wp-json\/wp\/v2\/posts\/857\/revisions\/9234"}],"wp:featuredmedia":[{"embeddable":true,"href":"https:\/\/vedois.com.br\/site\/wp-json\/wp\/v2\/media\/858"}],"wp:attachment":[{"href":"https:\/\/vedois.com.br\/site\/wp-json\/wp\/v2\/media?parent=857"}],"wp:term":[{"taxonomy":"category","embeddable":true,"href":"https:\/\/vedois.com.br\/site\/wp-json\/wp\/v2\/categories?post=857"},{"taxonomy":"post_tag","embeddable":true,"href":"https:\/\/vedois.com.br\/site\/wp-json\/wp\/v2\/tags?post=857"}],"curies":[{"name":"wp","href":"https:\/\/api.w.org\/{rel}","templated":true}]}}